{"id":1515,"date":"2026-02-05T18:18:58","date_gmt":"2026-02-05T17:18:58","guid":{"rendered":"https:\/\/oedenburg.hu\/?p=1515"},"modified":"2026-02-10T13:01:20","modified_gmt":"2026-02-10T12:01:20","slug":"die-auszeichnung-goldene-weintraube-arany-szolofurt-dij","status":"publish","type":"post","link":"https:\/\/oedenburg.hu\/de\/die-auszeichnung-goldene-weintraube-arany-szolofurt-dij\/","title":{"rendered":"Die Auszeichnung Goldene Weintraube &#8211; Arany Sz\u0151l\u0151f\u00fcrt d\u00edj"},"content":{"rendered":"<div class=\"wp-block-image\">\n<figure class=\"aligncenter size-large\"><img loading=\"lazy\" decoding=\"async\" width=\"1024\" height=\"576\" src=\"https:\/\/oedenburg.hu\/wp-content\/uploads\/Die-Goldene-Traube-9-1024x576.webp\" alt=\"\" class=\"wp-image-1547\" srcset=\"https:\/\/oedenburg.hu\/wp-content\/uploads\/Die-Goldene-Traube-9-1024x576.webp 1024w, https:\/\/oedenburg.hu\/wp-content\/uploads\/Die-Goldene-Traube-9-300x169.webp 300w, https:\/\/oedenburg.hu\/wp-content\/uploads\/Die-Goldene-Traube-9-768x432.webp 768w, https:\/\/oedenburg.hu\/wp-content\/uploads\/Die-Goldene-Traube-9-1536x864.webp 1536w, https:\/\/oedenburg.hu\/wp-content\/uploads\/Die-Goldene-Traube-9-18x10.webp 18w, https:\/\/oedenburg.hu\/wp-content\/uploads\/Die-Goldene-Traube-9-107x60.webp 107w, https:\/\/oedenburg.hu\/wp-content\/uploads\/Die-Goldene-Traube-9-840x473.webp 840w, https:\/\/oedenburg.hu\/wp-content\/uploads\/Die-Goldene-Traube-9.webp 1920w\" sizes=\"auto, (max-width: 1024px) 100vw, 1024px\" \/><\/figure>\n<\/div>\n\n\n<div class=\"wp-block-columns is-layout-flex wp-container-core-columns-is-layout-9d6595d7 wp-block-columns-is-layout-flex\">\n<div class=\"wp-block-column is-layout-flow wp-block-column-is-layout-flow\">\n<p><strong>A d\u00edj c\u00e9lja<\/strong><br>Az Arany Sz\u0151l\u0151f\u00fcrt d\u00edj c\u00e9lja a soproni n\u00e9met nemzetis\u00e9g nyelvi, szellemi \u00e9s t\u00e1rgyi kult\u00far\u00e1j\u00e1nak meg\u0151rz\u00e9se, a hagyom\u00e1nyok \u00e1pol\u00e1sa, a k\u00f6z\u00f6ss\u00e9g \u00f6sszetart\u00e1s\u00e1nak er\u0151s\u00edt\u00e9se, valamint a Soproni N\u00e9met Nemzetis\u00e9gi \u00d6nkorm\u00e1nyzat munk\u00e1j\u00e1nak seg\u00edt\u00e9se \u00e9rdek\u00e9ben v\u00e9gzett tart\u00f3san kiemelked\u0151 tev\u00e9kenys\u00e9g elismer\u00e9se.<br><strong>A javaslatt\u00e9telre jogosultak<\/strong><br>A d\u00edj adom\u00e1nyoz\u00e1s\u00e1ra javaslatot tehet:<br>&#8211; az eln\u00f6k,<br>&#8211; a test\u00fcletben mand\u00e1tummal rendelkez\u0151 nemzetis\u00e9gi \u00f6nkorm\u00e1nyzati k\u00e9pvisel\u0151<br>&#8211; soproni sz\u00e9khely\u0171 nemzetis\u00e9gi civil szervezet, a legf\u0151bb szerv d\u00f6nt\u00e9se alapj\u00e1n<br>&#8211; az \u00f6nkorm\u00e1nyzat fenntart\u00e1s\u00e1ban vagy m\u0171k\u00f6dtet\u00e9s\u00e9ben l\u00e9v\u0151 int\u00e9zm\u00e9ny<br><strong>A d\u00edj adom\u00e1nyoz\u00e1s\u00e1nak felt\u00e9telei<\/strong><br> A d\u00edj adom\u00e1nyozhat\u00f3 azon szem\u00e9lynek vagy Sopronban tev\u00e9kenyked\u0151 k\u00f6z\u00f6ss\u00e9gnek, aki vagy amely a nemzets\u00e9ghez k\u00f6t\u0151d\u0151en tart\u00f3san kiemelked\u0151 tev\u00e9kenys\u00e9get v\u00e9gez.<br>Az elismer\u00e9s posztumusz is adom\u00e1nyozhat\u00f3.<br><strong>A javaslat beny\u00fajt\u00e1s\u00e1nak hat\u00e1rideje \u00e9s m\u00f3dja<\/strong><br>A kit\u00fcntet\u00e9si javaslatokat minden \u00e9v <strong>febru\u00e1r 28. napj\u00e1ig<\/strong> lehet beny\u00fajtani elektronikus \u00faton, az <em>oedenburg.dsv@gmail.com<\/em> e-mail c\u00edmre. <br><strong>A kit\u00fcntet\u00e9si javaslat tartalma<br><\/strong>A kit\u00fcntet\u00e9si javaslatnak tartalmaznia kell:<br>&#8211; a javaslatot tev\u0151 adatait<br>&#8211; a javasolt szem\u00e9ly vagy k\u00f6z\u00f6ss\u00e9g adatait<br>&#8211; az \u00e9let\u00fat \u00e9s tev\u00e9kenys\u00e9g r\u00e9szletes ismertet\u00e9s\u00e9t<br>&#8211; a r\u00e9szletes indokl\u00e1st<br><strong>A d\u00f6nt\u00e9shozatal rendje<br><\/strong>A d\u00edj adom\u00e1nyoz\u00e1s\u00e1r\u00f3l a Soproni N\u00e9met Nemzetis\u00e9gi \u00d6nkorm\u00e1nyzat min\u0151s\u00edtett t\u00f6bbs\u00e9ggel d\u00f6nt.<br><strong>A d\u00edj form\u00e1ja<br><\/strong>A d\u00edj egy aranyb\u00f3l k\u00e9sz\u00edtett, 1 cm-es k\u00f6rben foglalt arany sz\u0151l\u0151f\u00fcrt.<br><strong>A d\u00edj \u00e1tad\u00e1s\u00e1nak id\u0151pontja<br><\/strong>A d\u00edjat a Soproni N\u00e9met Nemzetis\u00e9gi \u00d6nkorm\u00e1nyzat minden \u00e9v \u00e1prilis\u00e1ban adja \u00e1t. <br><strong>Kiz\u00e1r\u00f3 rendelkez\u00e9s<br><\/strong>Az adott \u00e9vben soproni n\u00e9met nemzetis\u00e9gi mand\u00e1tummal rendelkez\u0151 test\u00fcleti tag r\u00e9sz\u00e9re a d\u00edj nem adom\u00e1nyozhat\u00f3.<\/p>\n<\/div>\n\n\n\n<div class=\"wp-block-column is-layout-flow wp-block-column-is-layout-flow\">\n<p><strong>Ziel des Preises<\/strong><br>Ziel des Preises &#8222;Goldene Weintraube&#8221; ist die Anerkennung einer dauerhaft herausragenden T\u00e4tigkeit zum Erhalt der sprachlichen, geistigen und materiellen Kultur der deutschen Nationalit\u00e4t in \u00d6denburg, zur Pflege ihrer Traditionen, zur St\u00e4rkung des Gemeinschaftsgef\u00fchls sowie zur Unterst\u00fctzung der Arbeit der Deutschen Nationalit\u00e4tenselbstverwaltung von \u00d6denburg.<br><strong>Vorschlagsberechtigte<\/strong><br>Zur Verleihung des Preises k\u00f6nnen Vorschl\u00e4ge eingereicht werden durch:<br>&#8211; den Vorsitzenden \/ Vorsitzende<br>&#8211; ein Mitglied der Selbstverwaltung mit Mandat<br>&#8211; eine Nationalit\u00e4ten-Zivilorganisation mit Sitz in Sopron aufgrund eines Beschlusses ihres obersten Organs<br>&#8211; eine Institution in der Tr\u00e4gerschaft der Selbstverwaltung<br><strong>Voraussetzungen f\u00fcr die Verleihung des Preises<\/strong><br>Der Preis kann an eine Person oder eine in \u00d6denburg t\u00e4tige Gemeinschaft verliehen werden, die in Verbindung mit der deutschen Nationalit\u00e4t eine dauerhaft herausragende T\u00e4tigkeit aus\u00fcbt.<br>Die Auszeichnung kann auch posthum verliehen werden.<br><strong>Frist und Art der Einreichung des Vorschlags<\/strong><br>Die Vorschl\u00e4ge zur Verleihung der Auszeichung k\u00f6nnen j\u00e4hrlich bis zum 28. Februar auf elektronischem Wege an die E-Mail-Adresse oedenburg.dsv@gmail.com eingereicht werden<br><strong>Inhalt des Vorschlags<br><\/strong>Der Vorschlag zur Verleihung der Auszeichnung hat zu enthalten<br>&#8211; die Angaben des Vorschlagenden <br>&#8211; die Angaben zur vorgeschlagenen Person oder Gemeinschaft<br>&#8211; ausf\u00fchrliche Beschreibung des Lebensweges und der T\u00e4tigkeit<br>&#8211; eine ausf\u00fchrliche Begr\u00fcndung des Vorschlags<br><strong>Entscheidungsverfahren<\/strong><br>\u00dcber die Verleihung des Preises entscheidet die Deutsche Selbstverwaltung \u00d6denburg mit qualifizierter Mehrheit<br><strong>Form des Preises <\/strong><br>Die Auszeichnung ist eine in einem 1 cm gro\u00dfen Goldkreis gefasste goldene Weintraube.<strong><br><\/strong>Die Auszeichnung wird j\u00e4hrlich im April von der Deutschen Selbstverwaltung \u00d6denburg \u00fcberreicht.<br><strong>Ausschlussbestimmung<br><\/strong>Im jeweiligen Jahr kann der Preis nicht an ein Mitglied des Gremiums verliehen werden, das \u00fcber ein Mandat der deutschen Nationalit\u00e4t in \u00d6denburg verf\u00fcgt.<\/p>\n<\/div>\n<\/div>\n\n\n<div class=\"wp-block-image\">\n<figure class=\"aligncenter size-large\"><img loading=\"lazy\" decoding=\"async\" width=\"1024\" height=\"576\" src=\"https:\/\/oedenburg.hu\/wp-content\/uploads\/ARANY-SZOLOFURT-DIJ-kor-1-1024x576.avif\" alt=\"\" class=\"wp-image-1519\" srcset=\"https:\/\/oedenburg.hu\/wp-content\/uploads\/ARANY-SZOLOFURT-DIJ-kor-1-1024x576.avif 1024w, https:\/\/oedenburg.hu\/wp-content\/uploads\/ARANY-SZOLOFURT-DIJ-kor-1-300x169.avif 300w, https:\/\/oedenburg.hu\/wp-content\/uploads\/ARANY-SZOLOFURT-DIJ-kor-1-768x432.avif 768w, https:\/\/oedenburg.hu\/wp-content\/uploads\/ARANY-SZOLOFURT-DIJ-kor-1-1536x864.avif 1536w, https:\/\/oedenburg.hu\/wp-content\/uploads\/ARANY-SZOLOFURT-DIJ-kor-1-18x10.avif 18w, https:\/\/oedenburg.hu\/wp-content\/uploads\/ARANY-SZOLOFURT-DIJ-kor-1-107x60.avif 107w, https:\/\/oedenburg.hu\/wp-content\/uploads\/ARANY-SZOLOFURT-DIJ-kor-1-840x473.avif 840w, https:\/\/oedenburg.hu\/wp-content\/uploads\/ARANY-SZOLOFURT-DIJ-kor-1.avif 1920w\" sizes=\"auto, (max-width: 1024px) 100vw, 1024px\" \/><\/figure>\n<\/div>","protected":false},"excerpt":{"rendered":"<p>A d\u00edj c\u00e9ljaAz Arany Sz\u0151l\u0151f\u00fcrt d\u00edj c\u00e9lja a soproni n\u00e9met nemzetis\u00e9g nyelvi, szellemi \u00e9s t\u00e1rgyi kult\u00far\u00e1j\u00e1nak meg\u0151rz\u00e9se, a hagyom\u00e1nyok \u00e1pol\u00e1sa, a k\u00f6z\u00f6ss\u00e9g \u00f6sszetart\u00e1s\u00e1nak er\u0151s\u00edt\u00e9se, valamint &hellip; <\/p>","protected":false},"author":4,"featured_media":1547,"comment_status":"closed","ping_status":"closed","sticky":false,"template":"","format":"standard","meta":{"footnotes":""},"categories":[1],"tags":[],"class_list":["post-1515","post","type-post","status-publish","format-standard","has-post-thumbnail","hentry","category-hirek","latest_post"],"yoast_head":"<!-- This site is optimized with the Yoast SEO plugin v27.5 - https:\/\/yoast.com\/product\/yoast-seo-wordpress\/ -->\n<title>Die Auszeichnung Goldene Weintraube - Arany Sz\u0151l\u0151f\u00fcrt d\u00edj<\/title>\n<meta name=\"description\" content=\"Die Auszeichnung Goldene Weintraube - Arany Sz\u0151l\u0151f\u00fcrt d\u00edj\" \/>\n<meta name=\"robots\" content=\"index, follow, max-snippet:-1, max-image-preview:large, max-video-preview:-1\" \/>\n<link rel=\"canonical\" href=\"https:\/\/oedenburg.hu\/de\/die-auszeichnung-goldene-weintraube-arany-szolofurt-dij\/\" \/>\n<meta property=\"og:locale\" content=\"de_DE\" \/>\n<meta property=\"og:type\" content=\"article\" \/>\n<meta property=\"og:title\" content=\"Die Auszeichnung Goldene Weintraube - Arany Sz\u0151l\u0151f\u00fcrt d\u00edj\" \/>\n<meta property=\"og:description\" content=\"Die Auszeichnung Goldene Weintraube - Arany Sz\u0151l\u0151f\u00fcrt d\u00edj\" \/>\n<meta property=\"og:url\" content=\"https:\/\/oedenburg.hu\/de\/die-auszeichnung-goldene-weintraube-arany-szolofurt-dij\/\" \/>\n<meta property=\"og:site_name\" content=\"N\u00e9met Nemzetis\u00e9gi \u00d6nkorm\u00e1nyzat Sopron\" \/>\n<meta property=\"article:publisher\" content=\"https:\/\/www.facebook.com\/Oedenburg\" \/>\n<meta property=\"article:published_time\" content=\"2026-02-05T17:18:58+00:00\" \/>\n<meta property=\"article:modified_time\" content=\"2026-02-10T12:01:20+00:00\" \/>\n<meta property=\"og:image\" content=\"https:\/\/oedenburg.hu\/wp-content\/uploads\/Die-Goldene-Traube-9.webp\" \/>\n\t<meta property=\"og:image:width\" content=\"1920\" \/>\n\t<meta property=\"og:image:height\" content=\"1080\" \/>\n\t<meta property=\"og:image:type\" content=\"image\/webp\" \/>\n<meta name=\"author\" content=\"Csernus Zsofia\" \/>\n<meta name=\"twitter:card\" content=\"summary_large_image\" \/>\n<meta name=\"twitter:label1\" content=\"Verfasst von\" \/>\n\t<meta name=\"twitter:data1\" content=\"Csernus Zsofia\" \/>\n\t<meta name=\"twitter:label2\" content=\"Gesch\u00e4tzte Lesezeit\" \/>\n\t<meta name=\"twitter:data2\" content=\"3\u00a0Minuten\" \/>\n<script type=\"application\/ld+json\" class=\"yoast-schema-graph\">{\"@context\":\"https:\\\/\\\/schema.org\",\"@graph\":[{\"@type\":\"Article\",\"@id\":\"https:\\\/\\\/oedenburg.hu\\\/die-auszeichnung-goldene-weintraube-arany-szolofurt-dij\\\/#article\",\"isPartOf\":{\"@id\":\"https:\\\/\\\/oedenburg.hu\\\/die-auszeichnung-goldene-weintraube-arany-szolofurt-dij\\\/\"},\"author\":{\"name\":\"Csernus Zsofia\",\"@id\":\"https:\\\/\\\/oedenburg.hu\\\/#\\\/schema\\\/person\\\/b95e5dae2ef9f9eec451fca16f5e9a49\"},\"headline\":\"Die Auszeichnung Goldene Weintraube &#8211; Arany Sz\u0151l\u0151f\u00fcrt d\u00edj\",\"datePublished\":\"2026-02-05T17:18:58+00:00\",\"dateModified\":\"2026-02-10T12:01:20+00:00\",\"mainEntityOfPage\":{\"@id\":\"https:\\\/\\\/oedenburg.hu\\\/die-auszeichnung-goldene-weintraube-arany-szolofurt-dij\\\/\"},\"wordCount\":669,\"publisher\":{\"@id\":\"https:\\\/\\\/oedenburg.hu\\\/#organization\"},\"image\":{\"@id\":\"https:\\\/\\\/oedenburg.hu\\\/die-auszeichnung-goldene-weintraube-arany-szolofurt-dij\\\/#primaryimage\"},\"thumbnailUrl\":\"https:\\\/\\\/oedenburg.hu\\\/wp-content\\\/uploads\\\/Die-Goldene-Traube-9.webp\",\"articleSection\":[\"Hirek\"],\"inLanguage\":\"de\"},{\"@type\":\"WebPage\",\"@id\":\"https:\\\/\\\/oedenburg.hu\\\/die-auszeichnung-goldene-weintraube-arany-szolofurt-dij\\\/\",\"url\":\"https:\\\/\\\/oedenburg.hu\\\/die-auszeichnung-goldene-weintraube-arany-szolofurt-dij\\\/\",\"name\":\"Die Auszeichnung Goldene Weintraube - Arany Sz\u0151l\u0151f\u00fcrt d\u00edj\",\"isPartOf\":{\"@id\":\"https:\\\/\\\/oedenburg.hu\\\/#website\"},\"primaryImageOfPage\":{\"@id\":\"https:\\\/\\\/oedenburg.hu\\\/die-auszeichnung-goldene-weintraube-arany-szolofurt-dij\\\/#primaryimage\"},\"image\":{\"@id\":\"https:\\\/\\\/oedenburg.hu\\\/die-auszeichnung-goldene-weintraube-arany-szolofurt-dij\\\/#primaryimage\"},\"thumbnailUrl\":\"https:\\\/\\\/oedenburg.hu\\\/wp-content\\\/uploads\\\/Die-Goldene-Traube-9.webp\",\"datePublished\":\"2026-02-05T17:18:58+00:00\",\"dateModified\":\"2026-02-10T12:01:20+00:00\",\"description\":\"Die Auszeichnung Goldene Weintraube - Arany Sz\u0151l\u0151f\u00fcrt d\u00edj\",\"breadcrumb\":{\"@id\":\"https:\\\/\\\/oedenburg.hu\\\/die-auszeichnung-goldene-weintraube-arany-szolofurt-dij\\\/#breadcrumb\"},\"inLanguage\":\"de\",\"potentialAction\":[{\"@type\":\"ReadAction\",\"target\":[\"https:\\\/\\\/oedenburg.hu\\\/die-auszeichnung-goldene-weintraube-arany-szolofurt-dij\\\/\"]}]},{\"@type\":\"ImageObject\",\"inLanguage\":\"de\",\"@id\":\"https:\\\/\\\/oedenburg.hu\\\/die-auszeichnung-goldene-weintraube-arany-szolofurt-dij\\\/#primaryimage\",\"url\":\"https:\\\/\\\/oedenburg.hu\\\/wp-content\\\/uploads\\\/Die-Goldene-Traube-9.webp\",\"contentUrl\":\"https:\\\/\\\/oedenburg.hu\\\/wp-content\\\/uploads\\\/Die-Goldene-Traube-9.webp\",\"width\":1920,\"height\":1080},{\"@type\":\"BreadcrumbList\",\"@id\":\"https:\\\/\\\/oedenburg.hu\\\/die-auszeichnung-goldene-weintraube-arany-szolofurt-dij\\\/#breadcrumb\",\"itemListElement\":[{\"@type\":\"ListItem\",\"position\":1,\"name\":\"Kezd\u0151lap\",\"item\":\"https:\\\/\\\/oedenburg.hu\\\/\"},{\"@type\":\"ListItem\",\"position\":2,\"name\":\"Die Auszeichnung Goldene Weintraube &#8211; Arany Sz\u0151l\u0151f\u00fcrt d\u00edj\"}]},{\"@type\":\"WebSite\",\"@id\":\"https:\\\/\\\/oedenburg.hu\\\/#website\",\"url\":\"https:\\\/\\\/oedenburg.hu\\\/\",\"name\":\"N\u00e9met Nemzetis\u00e9gi \u00d6nkorm\u00e1nyzat Sopron\",\"description\":\"Deutsche Selbstverwaltung \u00d6denburg\",\"publisher\":{\"@id\":\"https:\\\/\\\/oedenburg.hu\\\/#organization\"},\"potentialAction\":[{\"@type\":\"SearchAction\",\"target\":{\"@type\":\"EntryPoint\",\"urlTemplate\":\"https:\\\/\\\/oedenburg.hu\\\/?s={search_term_string}\"},\"query-input\":{\"@type\":\"PropertyValueSpecification\",\"valueRequired\":true,\"valueName\":\"search_term_string\"}}],\"inLanguage\":\"de\"},{\"@type\":\"Organization\",\"@id\":\"https:\\\/\\\/oedenburg.hu\\\/#organization\",\"name\":\"N\u00e9met Nemzetis\u00e9gi \u00d6nkorm\u00e1nyzat Sopron\",\"url\":\"https:\\\/\\\/oedenburg.hu\\\/\",\"logo\":{\"@type\":\"ImageObject\",\"inLanguage\":\"de\",\"@id\":\"https:\\\/\\\/oedenburg.hu\\\/#\\\/schema\\\/logo\\\/image\\\/\",\"url\":\"https:\\\/\\\/oedenburg.hu\\\/wp-content\\\/uploads\\\/2025\\\/02\\\/Nemet-nemzetisegi-logo-300x300px-72dpi.png\",\"contentUrl\":\"https:\\\/\\\/oedenburg.hu\\\/wp-content\\\/uploads\\\/2025\\\/02\\\/Nemet-nemzetisegi-logo-300x300px-72dpi.png\",\"width\":300,\"height\":300,\"caption\":\"N\u00e9met Nemzetis\u00e9gi \u00d6nkorm\u00e1nyzat Sopron\"},\"image\":{\"@id\":\"https:\\\/\\\/oedenburg.hu\\\/#\\\/schema\\\/logo\\\/image\\\/\"},\"sameAs\":[\"https:\\\/\\\/www.facebook.com\\\/Oedenburg\"]},{\"@type\":\"Person\",\"@id\":\"https:\\\/\\\/oedenburg.hu\\\/#\\\/schema\\\/person\\\/b95e5dae2ef9f9eec451fca16f5e9a49\",\"name\":\"Csernus Zsofia\",\"image\":{\"@type\":\"ImageObject\",\"inLanguage\":\"de\",\"@id\":\"https:\\\/\\\/secure.gravatar.com\\\/avatar\\\/1da64fa3309de14cdf9456da8cf716bbec56ee8f19340c85574bd9fa6cc33cb1?s=96&d=mm&r=g\",\"url\":\"https:\\\/\\\/secure.gravatar.com\\\/avatar\\\/1da64fa3309de14cdf9456da8cf716bbec56ee8f19340c85574bd9fa6cc33cb1?s=96&d=mm&r=g\",\"contentUrl\":\"https:\\\/\\\/secure.gravatar.com\\\/avatar\\\/1da64fa3309de14cdf9456da8cf716bbec56ee8f19340c85574bd9fa6cc33cb1?s=96&d=mm&r=g\",\"caption\":\"Csernus Zsofia\"},\"url\":\"https:\\\/\\\/oedenburg.hu\\\/de\\\/author\\\/zsofia\\\/\"}]}<\/script>\n<!-- \/ Yoast SEO plugin. -->","yoast_head_json":{"title":"Die Auszeichnung Goldene Weintraube - Arany Sz\u0151l\u0151f\u00fcrt d\u00edj","description":"Die Auszeichnung Goldene Weintraube - Arany Sz\u0151l\u0151f\u00fcrt d\u00edj","robots":{"index":"index","follow":"follow","max-snippet":"max-snippet:-1","max-image-preview":"max-image-preview:large","max-video-preview":"max-video-preview:-1"},"canonical":"https:\/\/oedenburg.hu\/de\/die-auszeichnung-goldene-weintraube-arany-szolofurt-dij\/","og_locale":"de_DE","og_type":"article","og_title":"Die Auszeichnung Goldene Weintraube - Arany Sz\u0151l\u0151f\u00fcrt d\u00edj","og_description":"Die Auszeichnung Goldene Weintraube - Arany Sz\u0151l\u0151f\u00fcrt d\u00edj","og_url":"https:\/\/oedenburg.hu\/de\/die-auszeichnung-goldene-weintraube-arany-szolofurt-dij\/","og_site_name":"N\u00e9met Nemzetis\u00e9gi \u00d6nkorm\u00e1nyzat Sopron","article_publisher":"https:\/\/www.facebook.com\/Oedenburg","article_published_time":"2026-02-05T17:18:58+00:00","article_modified_time":"2026-02-10T12:01:20+00:00","og_image":[{"width":1920,"height":1080,"url":"https:\/\/oedenburg.hu\/wp-content\/uploads\/Die-Goldene-Traube-9.webp","type":"image\/webp"}],"author":"Csernus Zsofia","twitter_card":"summary_large_image","twitter_misc":{"Verfasst von":"Csernus Zsofia","Gesch\u00e4tzte Lesezeit":"3\u00a0Minuten"},"schema":{"@context":"https:\/\/schema.org","@graph":[{"@type":"Article","@id":"https:\/\/oedenburg.hu\/die-auszeichnung-goldene-weintraube-arany-szolofurt-dij\/#article","isPartOf":{"@id":"https:\/\/oedenburg.hu\/die-auszeichnung-goldene-weintraube-arany-szolofurt-dij\/"},"author":{"name":"Csernus Zsofia","@id":"https:\/\/oedenburg.hu\/#\/schema\/person\/b95e5dae2ef9f9eec451fca16f5e9a49"},"headline":"Die Auszeichnung Goldene Weintraube &#8211; Arany Sz\u0151l\u0151f\u00fcrt d\u00edj","datePublished":"2026-02-05T17:18:58+00:00","dateModified":"2026-02-10T12:01:20+00:00","mainEntityOfPage":{"@id":"https:\/\/oedenburg.hu\/die-auszeichnung-goldene-weintraube-arany-szolofurt-dij\/"},"wordCount":669,"publisher":{"@id":"https:\/\/oedenburg.hu\/#organization"},"image":{"@id":"https:\/\/oedenburg.hu\/die-auszeichnung-goldene-weintraube-arany-szolofurt-dij\/#primaryimage"},"thumbnailUrl":"https:\/\/oedenburg.hu\/wp-content\/uploads\/Die-Goldene-Traube-9.webp","articleSection":["Hirek"],"inLanguage":"de"},{"@type":"WebPage","@id":"https:\/\/oedenburg.hu\/die-auszeichnung-goldene-weintraube-arany-szolofurt-dij\/","url":"https:\/\/oedenburg.hu\/die-auszeichnung-goldene-weintraube-arany-szolofurt-dij\/","name":"Die Auszeichnung Goldene Weintraube - Arany Sz\u0151l\u0151f\u00fcrt d\u00edj","isPartOf":{"@id":"https:\/\/oedenburg.hu\/#website"},"primaryImageOfPage":{"@id":"https:\/\/oedenburg.hu\/die-auszeichnung-goldene-weintraube-arany-szolofurt-dij\/#primaryimage"},"image":{"@id":"https:\/\/oedenburg.hu\/die-auszeichnung-goldene-weintraube-arany-szolofurt-dij\/#primaryimage"},"thumbnailUrl":"https:\/\/oedenburg.hu\/wp-content\/uploads\/Die-Goldene-Traube-9.webp","datePublished":"2026-02-05T17:18:58+00:00","dateModified":"2026-02-10T12:01:20+00:00","description":"Die Auszeichnung Goldene Weintraube - Arany Sz\u0151l\u0151f\u00fcrt d\u00edj","breadcrumb":{"@id":"https:\/\/oedenburg.hu\/die-auszeichnung-goldene-weintraube-arany-szolofurt-dij\/#breadcrumb"},"inLanguage":"de","potentialAction":[{"@type":"ReadAction","target":["https:\/\/oedenburg.hu\/die-auszeichnung-goldene-weintraube-arany-szolofurt-dij\/"]}]},{"@type":"ImageObject","inLanguage":"de","@id":"https:\/\/oedenburg.hu\/die-auszeichnung-goldene-weintraube-arany-szolofurt-dij\/#primaryimage","url":"https:\/\/oedenburg.hu\/wp-content\/uploads\/Die-Goldene-Traube-9.webp","contentUrl":"https:\/\/oedenburg.hu\/wp-content\/uploads\/Die-Goldene-Traube-9.webp","width":1920,"height":1080},{"@type":"BreadcrumbList","@id":"https:\/\/oedenburg.hu\/die-auszeichnung-goldene-weintraube-arany-szolofurt-dij\/#breadcrumb","itemListElement":[{"@type":"ListItem","position":1,"name":"Kezd\u0151lap","item":"https:\/\/oedenburg.hu\/"},{"@type":"ListItem","position":2,"name":"Die Auszeichnung Goldene Weintraube &#8211; Arany Sz\u0151l\u0151f\u00fcrt d\u00edj"}]},{"@type":"WebSite","@id":"https:\/\/oedenburg.hu\/#website","url":"https:\/\/oedenburg.hu\/","name":"Deutsche Selbstverwaltung \u00d6denburg","description":"N\u00e9met Nemzetis\u00e9gi \u00d6nkorm\u00e1nyzat Sopron","publisher":{"@id":"https:\/\/oedenburg.hu\/#organization"},"potentialAction":[{"@type":"SearchAction","target":{"@type":"EntryPoint","urlTemplate":"https:\/\/oedenburg.hu\/?s={search_term_string}"},"query-input":{"@type":"PropertyValueSpecification","valueRequired":true,"valueName":"search_term_string"}}],"inLanguage":"de"},{"@type":"Organization","@id":"https:\/\/oedenburg.hu\/#organization","name":"Deutsche Selbstverwaltung \u00d6denburg","url":"https:\/\/oedenburg.hu\/","logo":{"@type":"ImageObject","inLanguage":"de","@id":"https:\/\/oedenburg.hu\/#\/schema\/logo\/image\/","url":"https:\/\/oedenburg.hu\/wp-content\/uploads\/2025\/02\/Nemet-nemzetisegi-logo-300x300px-72dpi.png","contentUrl":"https:\/\/oedenburg.hu\/wp-content\/uploads\/2025\/02\/Nemet-nemzetisegi-logo-300x300px-72dpi.png","width":300,"height":300,"caption":"N\u00e9met Nemzetis\u00e9gi \u00d6nkorm\u00e1nyzat Sopron"},"image":{"@id":"https:\/\/oedenburg.hu\/#\/schema\/logo\/image\/"},"sameAs":["https:\/\/www.facebook.com\/Oedenburg"]},{"@type":"Person","@id":"https:\/\/oedenburg.hu\/#\/schema\/person\/b95e5dae2ef9f9eec451fca16f5e9a49","name":"Csernus Zsofia","image":{"@type":"ImageObject","inLanguage":"de","@id":"https:\/\/secure.gravatar.com\/avatar\/1da64fa3309de14cdf9456da8cf716bbec56ee8f19340c85574bd9fa6cc33cb1?s=96&d=mm&r=g","url":"https:\/\/secure.gravatar.com\/avatar\/1da64fa3309de14cdf9456da8cf716bbec56ee8f19340c85574bd9fa6cc33cb1?s=96&d=mm&r=g","contentUrl":"https:\/\/secure.gravatar.com\/avatar\/1da64fa3309de14cdf9456da8cf716bbec56ee8f19340c85574bd9fa6cc33cb1?s=96&d=mm&r=g","caption":"Csernus Zsofia"},"url":"https:\/\/oedenburg.hu\/de\/author\/zsofia\/"}]}},"_links":{"self":[{"href":"https:\/\/oedenburg.hu\/de\/wp-json\/wp\/v2\/posts\/1515","targetHints":{"allow":["GET"]}}],"collection":[{"href":"https:\/\/oedenburg.hu\/de\/wp-json\/wp\/v2\/posts"}],"about":[{"href":"https:\/\/oedenburg.hu\/de\/wp-json\/wp\/v2\/types\/post"}],"author":[{"embeddable":true,"href":"https:\/\/oedenburg.hu\/de\/wp-json\/wp\/v2\/users\/4"}],"replies":[{"embeddable":true,"href":"https:\/\/oedenburg.hu\/de\/wp-json\/wp\/v2\/comments?post=1515"}],"version-history":[{"count":16,"href":"https:\/\/oedenburg.hu\/de\/wp-json\/wp\/v2\/posts\/1515\/revisions"}],"predecessor-version":[{"id":1553,"href":"https:\/\/oedenburg.hu\/de\/wp-json\/wp\/v2\/posts\/1515\/revisions\/1553"}],"wp:featuredmedia":[{"embeddable":true,"href":"https:\/\/oedenburg.hu\/de\/wp-json\/wp\/v2\/media\/1547"}],"wp:attachment":[{"href":"https:\/\/oedenburg.hu\/de\/wp-json\/wp\/v2\/media?parent=1515"}],"wp:term":[{"taxonomy":"category","embeddable":true,"href":"https:\/\/oedenburg.hu\/de\/wp-json\/wp\/v2\/categories?post=1515"},{"taxonomy":"post_tag","embeddable":true,"href":"https:\/\/oedenburg.hu\/de\/wp-json\/wp\/v2\/tags?post=1515"}],"curies":[{"name":"wp","href":"https:\/\/api.w.org\/{rel}","templated":true}]}}