{"id":1558,"date":"2026-02-28T13:23:50","date_gmt":"2026-02-28T12:23:50","guid":{"rendered":"https:\/\/oedenburg.hu\/?p=1558"},"modified":"2026-02-28T13:23:51","modified_gmt":"2026-02-28T12:23:51","slug":"heringsmauz-sopronbanfalvan-heringschmaus-wandorf","status":"publish","type":"post","link":"https:\/\/oedenburg.hu\/de\/heringsmauz-sopronbanfalvan-heringschmaus-wandorf\/","title":{"rendered":"Heringsmauz Sopronb\u00e1nfalv\u00e1n &#8211; Heringschmaus Wandorf"},"content":{"rendered":"<div class=\"wp-block-columns is-layout-flex wp-container-core-columns-is-layout-9d6595d7 wp-block-columns-is-layout-flex\">\n<div class=\"wp-block-column is-layout-flow wp-block-column-is-layout-flow\">\n<p>A szerdai (02.25.) Kulturkreis csal\u00e1dias hangulatban telt. A t\u00e9ma a nagyb\u00f6jt, a farsang \u00e9s a t\u00e9ltemet\u00e9s k\u00f6r\u00e9 \u00e9p\u00fclt. Az arch\u00edv felv\u00e9telek vet\u00edt\u00e9se k\u00f6zben Csolt\u00f3i J\u00f3zsef mes\u00e9lt nek\u00fcnk n\u00e9pt\u00e1ncr\u00f3l, hagyom\u00e1ny\u0151rz\u00e9sr\u0151l \u00e9s k\u00f6z\u00f6ss\u00e9g\u00e9p\u00edt\u00e9sr\u0151l, az evang\u00e9likus gy\u00fclekezeti teremben B\u00e1nfalv\u00e1n.\u00a0Az est k\u00fcl\u00f6nlegess\u00e9ge a Heringsmauz k\u00f3stol\u00e1sa volt, melyet a magyarorsz\u00e1gi n\u00e9metek a b\u00f6jt id\u0151szak\u00e1ban fogyasztottak.\u00a0<\/p>\n<\/div>\n\n\n\n<div class=\"wp-block-column is-layout-flow wp-block-column-is-layout-flow\">\n<figure class=\"wp-block-image size-large\"><img loading=\"lazy\" decoding=\"async\" width=\"1024\" height=\"576\" src=\"https:\/\/oedenburg.hu\/wp-content\/uploads\/IMG_4420-scaled-1024x576.webp\" alt=\"\" class=\"wp-image-1559\" srcset=\"https:\/\/oedenburg.hu\/wp-content\/uploads\/IMG_4420-scaled-1024x576.webp 1024w, https:\/\/oedenburg.hu\/wp-content\/uploads\/IMG_4420-scaled-300x169.webp 300w, https:\/\/oedenburg.hu\/wp-content\/uploads\/IMG_4420-scaled-768x432.webp 768w, https:\/\/oedenburg.hu\/wp-content\/uploads\/IMG_4420-scaled-1536x864.webp 1536w, https:\/\/oedenburg.hu\/wp-content\/uploads\/IMG_4420-scaled-18x10.webp 18w, https:\/\/oedenburg.hu\/wp-content\/uploads\/IMG_4420-scaled-107x60.webp 107w, https:\/\/oedenburg.hu\/wp-content\/uploads\/IMG_4420-scaled-840x473.webp 840w, https:\/\/oedenburg.hu\/wp-content\/uploads\/IMG_4420-scaled.webp 1920w\" sizes=\"auto, (max-width: 1024px) 100vw, 1024px\" \/><\/figure>\n<\/div>\n<\/div>\n\n\n\n<div class=\"wp-block-columns is-layout-flex wp-container-core-columns-is-layout-9d6595d7 wp-block-columns-is-layout-flex\">\n<div class=\"wp-block-column is-layout-flow wp-block-column-is-layout-flow\">\n<figure class=\"wp-block-image size-large\"><img loading=\"lazy\" decoding=\"async\" width=\"1024\" height=\"576\" src=\"https:\/\/oedenburg.hu\/wp-content\/uploads\/IMG_4419-scaled-1024x576.webp\" alt=\"\" class=\"wp-image-1560\" srcset=\"https:\/\/oedenburg.hu\/wp-content\/uploads\/IMG_4419-scaled-1024x576.webp 1024w, https:\/\/oedenburg.hu\/wp-content\/uploads\/IMG_4419-scaled-300x169.webp 300w, https:\/\/oedenburg.hu\/wp-content\/uploads\/IMG_4419-scaled-768x432.webp 768w, https:\/\/oedenburg.hu\/wp-content\/uploads\/IMG_4419-scaled-1536x864.webp 1536w, https:\/\/oedenburg.hu\/wp-content\/uploads\/IMG_4419-scaled-18x10.webp 18w, https:\/\/oedenburg.hu\/wp-content\/uploads\/IMG_4419-scaled-107x60.webp 107w, https:\/\/oedenburg.hu\/wp-content\/uploads\/IMG_4419-scaled-840x473.webp 840w, https:\/\/oedenburg.hu\/wp-content\/uploads\/IMG_4419-scaled.webp 1920w\" sizes=\"auto, (max-width: 1024px) 100vw, 1024px\" \/><\/figure>\n<\/div>\n\n\n\n<div class=\"wp-block-column is-layout-flow wp-block-column-is-layout-flow\">\n<p>Am Mittwoch, den 25.02. fand die Veranstaltung des Kulturkreises in famili\u00e4rer Atmosph\u00e4re statt. Das Thema drehte sich um die Fastenzeit und die Faschingszeit.<br>W\u00e4hrend der Vorf\u00fchrung von Archivaufnahmen erz\u00e4hlte uns J\u00f3zsef Csolt\u00f3i im evangelischen Gemeindehaus in Wandorf \u00fcber Volkstanz, Traditionspflege und Gemeinschaftsbildung.<br>Als besondere Spezialit\u00e4t des Abends war die Verkostung von Heringschmaus, einer traditionellen Speise der Ungarndeutschen in der Fastenzeit.<\/p>\n<\/div>\n<\/div>\n\n\n\n<figure class=\"wp-block-image size-large\"><img loading=\"lazy\" decoding=\"async\" width=\"1024\" height=\"576\" src=\"https:\/\/oedenburg.hu\/wp-content\/uploads\/Heringschmaus-1024x576.webp\" alt=\"\" class=\"wp-image-1561\" srcset=\"https:\/\/oedenburg.hu\/wp-content\/uploads\/Heringschmaus-1024x576.webp 1024w, https:\/\/oedenburg.hu\/wp-content\/uploads\/Heringschmaus-300x169.webp 300w, https:\/\/oedenburg.hu\/wp-content\/uploads\/Heringschmaus-768x432.webp 768w, https:\/\/oedenburg.hu\/wp-content\/uploads\/Heringschmaus-1536x864.webp 1536w, https:\/\/oedenburg.hu\/wp-content\/uploads\/Heringschmaus-18x10.webp 18w, https:\/\/oedenburg.hu\/wp-content\/uploads\/Heringschmaus-107x60.webp 107w, https:\/\/oedenburg.hu\/wp-content\/uploads\/Heringschmaus-840x473.webp 840w, https:\/\/oedenburg.hu\/wp-content\/uploads\/Heringschmaus.webp 1920w\" sizes=\"auto, (max-width: 1024px) 100vw, 1024px\" \/><\/figure>\n\n\n\n<p><em>Elk\u00e9sz\u00edt\u00e9s: <\/em>A h\u00e9j\u00e1ba f\u0151tt krumplit hagyjuk kih\u0171lni, majd h\u00e1moz\u00e1s ut\u00e1n felkock\u00e1zzuk. A heringet, a hagym\u00e1t \u00e9s az alm\u00e1t is kock\u00e1kra v\u00e1gjuk.<br>Egy t\u00e1lban sim\u00e1ra keverj\u00fck a tejf\u00f6lt a must\u00e1rral, a borssal \u00e9s egy kev\u00e9s ecettel. A m\u00e1rt\u00e1sba beleforgatjuk a halat, a krumplit, az alm\u00e1t \u00e9s a hagym\u00e1t, v\u00e9g\u00fcl az apr\u00f3ra v\u00e1gott toj\u00e1sokat. Egy \u00e9jszak\u00e1ra a h\u0171t\u0151be tessz\u00fck, hogy az \u00edzek \u00f6ssze\u00e9rjenek.<br>Friss, ropog\u00f3s rozskeny\u00e9rrel vagy pir\u00edt\u00f3ssal fogyasztjuk.\u00a0\u00a0<\/p>","protected":false},"excerpt":{"rendered":"<p>A szerdai (02.25.) Kulturkreis csal\u00e1dias hangulatban telt. A t\u00e9ma a nagyb\u00f6jt, a farsang \u00e9s a t\u00e9ltemet\u00e9s k\u00f6r\u00e9 \u00e9p\u00fclt. Az arch\u00edv felv\u00e9telek vet\u00edt\u00e9se k\u00f6zben Csolt\u00f3i J\u00f3zsef &hellip; <\/p>","protected":false},"author":4,"featured_media":1560,"comment_status":"closed","ping_status":"closed","sticky":false,"template":"","format":"standard","meta":{"footnotes":""},"categories":[1],"tags":[],"class_list":["post-1558","post","type-post","status-publish","format-standard","has-post-thumbnail","hentry","category-hirek","latest_post"],"yoast_head":"<!-- This site is optimized with the Yoast SEO plugin v27.5 - https:\/\/yoast.com\/product\/yoast-seo-wordpress\/ -->\n<title>Heringsmauz Sopronb\u00e1nfalv\u00e1n - Heringschmaus Wandorf<\/title>\n<meta name=\"description\" content=\"Heringsmauz Sopronb\u00e1nfalv\u00e1n - Heringschmaus Wandorf\" \/>\n<meta name=\"robots\" content=\"index, follow, max-snippet:-1, max-image-preview:large, max-video-preview:-1\" \/>\n<link rel=\"canonical\" href=\"https:\/\/oedenburg.hu\/de\/heringsmauz-sopronbanfalvan-heringschmaus-wandorf\/\" \/>\n<meta property=\"og:locale\" content=\"de_DE\" \/>\n<meta property=\"og:type\" content=\"article\" \/>\n<meta property=\"og:title\" content=\"Heringsmauz Sopronb\u00e1nfalv\u00e1n - Heringschmaus Wandorf\" \/>\n<meta property=\"og:description\" content=\"Heringsmauz Sopronb\u00e1nfalv\u00e1n - Heringschmaus Wandorf\" \/>\n<meta property=\"og:url\" content=\"https:\/\/oedenburg.hu\/de\/heringsmauz-sopronbanfalvan-heringschmaus-wandorf\/\" \/>\n<meta property=\"og:site_name\" content=\"N\u00e9met Nemzetis\u00e9gi \u00d6nkorm\u00e1nyzat Sopron\" \/>\n<meta property=\"article:publisher\" content=\"https:\/\/www.facebook.com\/Oedenburg\" \/>\n<meta property=\"article:published_time\" content=\"2026-02-28T12:23:50+00:00\" \/>\n<meta property=\"article:modified_time\" content=\"2026-02-28T12:23:51+00:00\" \/>\n<meta property=\"og:image\" content=\"https:\/\/oedenburg.hu\/wp-content\/uploads\/IMG_4419-scaled.webp\" \/>\n\t<meta property=\"og:image:width\" content=\"1920\" \/>\n\t<meta property=\"og:image:height\" content=\"1080\" \/>\n\t<meta property=\"og:image:type\" content=\"image\/webp\" \/>\n<meta name=\"author\" content=\"Csernus Zsofia\" \/>\n<meta name=\"twitter:card\" content=\"summary_large_image\" \/>\n<meta name=\"twitter:label1\" content=\"Verfasst von\" \/>\n\t<meta name=\"twitter:data1\" content=\"Csernus Zsofia\" \/>\n\t<meta name=\"twitter:label2\" content=\"Gesch\u00e4tzte Lesezeit\" \/>\n\t<meta name=\"twitter:data2\" content=\"1\u00a0Minute\" \/>\n<script type=\"application\/ld+json\" class=\"yoast-schema-graph\">{\"@context\":\"https:\\\/\\\/schema.org\",\"@graph\":[{\"@type\":\"Article\",\"@id\":\"https:\\\/\\\/oedenburg.hu\\\/heringsmauz-sopronbanfalvan-heringschmaus-wandorf\\\/#article\",\"isPartOf\":{\"@id\":\"https:\\\/\\\/oedenburg.hu\\\/heringsmauz-sopronbanfalvan-heringschmaus-wandorf\\\/\"},\"author\":{\"name\":\"Csernus Zsofia\",\"@id\":\"https:\\\/\\\/oedenburg.hu\\\/#\\\/schema\\\/person\\\/b95e5dae2ef9f9eec451fca16f5e9a49\"},\"headline\":\"Heringsmauz Sopronb\u00e1nfalv\u00e1n &#8211; Heringschmaus Wandorf\",\"datePublished\":\"2026-02-28T12:23:50+00:00\",\"dateModified\":\"2026-02-28T12:23:51+00:00\",\"mainEntityOfPage\":{\"@id\":\"https:\\\/\\\/oedenburg.hu\\\/heringsmauz-sopronbanfalvan-heringschmaus-wandorf\\\/\"},\"wordCount\":274,\"publisher\":{\"@id\":\"https:\\\/\\\/oedenburg.hu\\\/#organization\"},\"image\":{\"@id\":\"https:\\\/\\\/oedenburg.hu\\\/heringsmauz-sopronbanfalvan-heringschmaus-wandorf\\\/#primaryimage\"},\"thumbnailUrl\":\"https:\\\/\\\/oedenburg.hu\\\/wp-content\\\/uploads\\\/IMG_4419-scaled.webp\",\"articleSection\":[\"Hirek\"],\"inLanguage\":\"de\"},{\"@type\":\"WebPage\",\"@id\":\"https:\\\/\\\/oedenburg.hu\\\/heringsmauz-sopronbanfalvan-heringschmaus-wandorf\\\/\",\"url\":\"https:\\\/\\\/oedenburg.hu\\\/heringsmauz-sopronbanfalvan-heringschmaus-wandorf\\\/\",\"name\":\"Heringsmauz Sopronb\u00e1nfalv\u00e1n - Heringschmaus Wandorf\",\"isPartOf\":{\"@id\":\"https:\\\/\\\/oedenburg.hu\\\/#website\"},\"primaryImageOfPage\":{\"@id\":\"https:\\\/\\\/oedenburg.hu\\\/heringsmauz-sopronbanfalvan-heringschmaus-wandorf\\\/#primaryimage\"},\"image\":{\"@id\":\"https:\\\/\\\/oedenburg.hu\\\/heringsmauz-sopronbanfalvan-heringschmaus-wandorf\\\/#primaryimage\"},\"thumbnailUrl\":\"https:\\\/\\\/oedenburg.hu\\\/wp-content\\\/uploads\\\/IMG_4419-scaled.webp\",\"datePublished\":\"2026-02-28T12:23:50+00:00\",\"dateModified\":\"2026-02-28T12:23:51+00:00\",\"description\":\"Heringsmauz Sopronb\u00e1nfalv\u00e1n - Heringschmaus Wandorf\",\"breadcrumb\":{\"@id\":\"https:\\\/\\\/oedenburg.hu\\\/heringsmauz-sopronbanfalvan-heringschmaus-wandorf\\\/#breadcrumb\"},\"inLanguage\":\"de\",\"potentialAction\":[{\"@type\":\"ReadAction\",\"target\":[\"https:\\\/\\\/oedenburg.hu\\\/heringsmauz-sopronbanfalvan-heringschmaus-wandorf\\\/\"]}]},{\"@type\":\"ImageObject\",\"inLanguage\":\"de\",\"@id\":\"https:\\\/\\\/oedenburg.hu\\\/heringsmauz-sopronbanfalvan-heringschmaus-wandorf\\\/#primaryimage\",\"url\":\"https:\\\/\\\/oedenburg.hu\\\/wp-content\\\/uploads\\\/IMG_4419-scaled.webp\",\"contentUrl\":\"https:\\\/\\\/oedenburg.hu\\\/wp-content\\\/uploads\\\/IMG_4419-scaled.webp\",\"width\":1920,\"height\":1080},{\"@type\":\"BreadcrumbList\",\"@id\":\"https:\\\/\\\/oedenburg.hu\\\/heringsmauz-sopronbanfalvan-heringschmaus-wandorf\\\/#breadcrumb\",\"itemListElement\":[{\"@type\":\"ListItem\",\"position\":1,\"name\":\"Kezd\u0151lap\",\"item\":\"https:\\\/\\\/oedenburg.hu\\\/\"},{\"@type\":\"ListItem\",\"position\":2,\"name\":\"Heringsmauz Sopronb\u00e1nfalv\u00e1n &#8211; Heringschmaus Wandorf\"}]},{\"@type\":\"WebSite\",\"@id\":\"https:\\\/\\\/oedenburg.hu\\\/#website\",\"url\":\"https:\\\/\\\/oedenburg.hu\\\/\",\"name\":\"N\u00e9met Nemzetis\u00e9gi \u00d6nkorm\u00e1nyzat Sopron\",\"description\":\"Deutsche Selbstverwaltung \u00d6denburg\",\"publisher\":{\"@id\":\"https:\\\/\\\/oedenburg.hu\\\/#organization\"},\"potentialAction\":[{\"@type\":\"SearchAction\",\"target\":{\"@type\":\"EntryPoint\",\"urlTemplate\":\"https:\\\/\\\/oedenburg.hu\\\/?s={search_term_string}\"},\"query-input\":{\"@type\":\"PropertyValueSpecification\",\"valueRequired\":true,\"valueName\":\"search_term_string\"}}],\"inLanguage\":\"de\"},{\"@type\":\"Organization\",\"@id\":\"https:\\\/\\\/oedenburg.hu\\\/#organization\",\"name\":\"N\u00e9met Nemzetis\u00e9gi \u00d6nkorm\u00e1nyzat Sopron\",\"url\":\"https:\\\/\\\/oedenburg.hu\\\/\",\"logo\":{\"@type\":\"ImageObject\",\"inLanguage\":\"de\",\"@id\":\"https:\\\/\\\/oedenburg.hu\\\/#\\\/schema\\\/logo\\\/image\\\/\",\"url\":\"https:\\\/\\\/oedenburg.hu\\\/wp-content\\\/uploads\\\/2025\\\/02\\\/Nemet-nemzetisegi-logo-300x300px-72dpi.png\",\"contentUrl\":\"https:\\\/\\\/oedenburg.hu\\\/wp-content\\\/uploads\\\/2025\\\/02\\\/Nemet-nemzetisegi-logo-300x300px-72dpi.png\",\"width\":300,\"height\":300,\"caption\":\"N\u00e9met Nemzetis\u00e9gi \u00d6nkorm\u00e1nyzat Sopron\"},\"image\":{\"@id\":\"https:\\\/\\\/oedenburg.hu\\\/#\\\/schema\\\/logo\\\/image\\\/\"},\"sameAs\":[\"https:\\\/\\\/www.facebook.com\\\/Oedenburg\"]},{\"@type\":\"Person\",\"@id\":\"https:\\\/\\\/oedenburg.hu\\\/#\\\/schema\\\/person\\\/b95e5dae2ef9f9eec451fca16f5e9a49\",\"name\":\"Csernus Zsofia\",\"image\":{\"@type\":\"ImageObject\",\"inLanguage\":\"de\",\"@id\":\"https:\\\/\\\/secure.gravatar.com\\\/avatar\\\/1da64fa3309de14cdf9456da8cf716bbec56ee8f19340c85574bd9fa6cc33cb1?s=96&d=mm&r=g\",\"url\":\"https:\\\/\\\/secure.gravatar.com\\\/avatar\\\/1da64fa3309de14cdf9456da8cf716bbec56ee8f19340c85574bd9fa6cc33cb1?s=96&d=mm&r=g\",\"contentUrl\":\"https:\\\/\\\/secure.gravatar.com\\\/avatar\\\/1da64fa3309de14cdf9456da8cf716bbec56ee8f19340c85574bd9fa6cc33cb1?s=96&d=mm&r=g\",\"caption\":\"Csernus Zsofia\"},\"url\":\"https:\\\/\\\/oedenburg.hu\\\/de\\\/author\\\/zsofia\\\/\"}]}<\/script>\n<!-- \/ Yoast SEO plugin. -->","yoast_head_json":{"title":"Heringsmauz Sopronb\u00e1nfalv\u00e1n - Heringschmaus Wandorf","description":"Heringsmauz Sopronb\u00e1nfalv\u00e1n - Heringschmaus Wandorf","robots":{"index":"index","follow":"follow","max-snippet":"max-snippet:-1","max-image-preview":"max-image-preview:large","max-video-preview":"max-video-preview:-1"},"canonical":"https:\/\/oedenburg.hu\/de\/heringsmauz-sopronbanfalvan-heringschmaus-wandorf\/","og_locale":"de_DE","og_type":"article","og_title":"Heringsmauz Sopronb\u00e1nfalv\u00e1n - Heringschmaus Wandorf","og_description":"Heringsmauz Sopronb\u00e1nfalv\u00e1n - Heringschmaus Wandorf","og_url":"https:\/\/oedenburg.hu\/de\/heringsmauz-sopronbanfalvan-heringschmaus-wandorf\/","og_site_name":"N\u00e9met Nemzetis\u00e9gi \u00d6nkorm\u00e1nyzat Sopron","article_publisher":"https:\/\/www.facebook.com\/Oedenburg","article_published_time":"2026-02-28T12:23:50+00:00","article_modified_time":"2026-02-28T12:23:51+00:00","og_image":[{"width":1920,"height":1080,"url":"https:\/\/oedenburg.hu\/wp-content\/uploads\/IMG_4419-scaled.webp","type":"image\/webp"}],"author":"Csernus Zsofia","twitter_card":"summary_large_image","twitter_misc":{"Verfasst von":"Csernus Zsofia","Gesch\u00e4tzte Lesezeit":"1\u00a0Minute"},"schema":{"@context":"https:\/\/schema.org","@graph":[{"@type":"Article","@id":"https:\/\/oedenburg.hu\/heringsmauz-sopronbanfalvan-heringschmaus-wandorf\/#article","isPartOf":{"@id":"https:\/\/oedenburg.hu\/heringsmauz-sopronbanfalvan-heringschmaus-wandorf\/"},"author":{"name":"Csernus Zsofia","@id":"https:\/\/oedenburg.hu\/#\/schema\/person\/b95e5dae2ef9f9eec451fca16f5e9a49"},"headline":"Heringsmauz Sopronb\u00e1nfalv\u00e1n &#8211; Heringschmaus Wandorf","datePublished":"2026-02-28T12:23:50+00:00","dateModified":"2026-02-28T12:23:51+00:00","mainEntityOfPage":{"@id":"https:\/\/oedenburg.hu\/heringsmauz-sopronbanfalvan-heringschmaus-wandorf\/"},"wordCount":274,"publisher":{"@id":"https:\/\/oedenburg.hu\/#organization"},"image":{"@id":"https:\/\/oedenburg.hu\/heringsmauz-sopronbanfalvan-heringschmaus-wandorf\/#primaryimage"},"thumbnailUrl":"https:\/\/oedenburg.hu\/wp-content\/uploads\/IMG_4419-scaled.webp","articleSection":["Hirek"],"inLanguage":"de"},{"@type":"WebPage","@id":"https:\/\/oedenburg.hu\/heringsmauz-sopronbanfalvan-heringschmaus-wandorf\/","url":"https:\/\/oedenburg.hu\/heringsmauz-sopronbanfalvan-heringschmaus-wandorf\/","name":"Heringsmauz Sopronb\u00e1nfalv\u00e1n - Heringschmaus Wandorf","isPartOf":{"@id":"https:\/\/oedenburg.hu\/#website"},"primaryImageOfPage":{"@id":"https:\/\/oedenburg.hu\/heringsmauz-sopronbanfalvan-heringschmaus-wandorf\/#primaryimage"},"image":{"@id":"https:\/\/oedenburg.hu\/heringsmauz-sopronbanfalvan-heringschmaus-wandorf\/#primaryimage"},"thumbnailUrl":"https:\/\/oedenburg.hu\/wp-content\/uploads\/IMG_4419-scaled.webp","datePublished":"2026-02-28T12:23:50+00:00","dateModified":"2026-02-28T12:23:51+00:00","description":"Heringsmauz Sopronb\u00e1nfalv\u00e1n - Heringschmaus Wandorf","breadcrumb":{"@id":"https:\/\/oedenburg.hu\/heringsmauz-sopronbanfalvan-heringschmaus-wandorf\/#breadcrumb"},"inLanguage":"de","potentialAction":[{"@type":"ReadAction","target":["https:\/\/oedenburg.hu\/heringsmauz-sopronbanfalvan-heringschmaus-wandorf\/"]}]},{"@type":"ImageObject","inLanguage":"de","@id":"https:\/\/oedenburg.hu\/heringsmauz-sopronbanfalvan-heringschmaus-wandorf\/#primaryimage","url":"https:\/\/oedenburg.hu\/wp-content\/uploads\/IMG_4419-scaled.webp","contentUrl":"https:\/\/oedenburg.hu\/wp-content\/uploads\/IMG_4419-scaled.webp","width":1920,"height":1080},{"@type":"BreadcrumbList","@id":"https:\/\/oedenburg.hu\/heringsmauz-sopronbanfalvan-heringschmaus-wandorf\/#breadcrumb","itemListElement":[{"@type":"ListItem","position":1,"name":"Kezd\u0151lap","item":"https:\/\/oedenburg.hu\/"},{"@type":"ListItem","position":2,"name":"Heringsmauz Sopronb\u00e1nfalv\u00e1n &#8211; Heringschmaus Wandorf"}]},{"@type":"WebSite","@id":"https:\/\/oedenburg.hu\/#website","url":"https:\/\/oedenburg.hu\/","name":"Deutsche Selbstverwaltung \u00d6denburg","description":"N\u00e9met Nemzetis\u00e9gi \u00d6nkorm\u00e1nyzat Sopron","publisher":{"@id":"https:\/\/oedenburg.hu\/#organization"},"potentialAction":[{"@type":"SearchAction","target":{"@type":"EntryPoint","urlTemplate":"https:\/\/oedenburg.hu\/?s={search_term_string}"},"query-input":{"@type":"PropertyValueSpecification","valueRequired":true,"valueName":"search_term_string"}}],"inLanguage":"de"},{"@type":"Organization","@id":"https:\/\/oedenburg.hu\/#organization","name":"Deutsche Selbstverwaltung \u00d6denburg","url":"https:\/\/oedenburg.hu\/","logo":{"@type":"ImageObject","inLanguage":"de","@id":"https:\/\/oedenburg.hu\/#\/schema\/logo\/image\/","url":"https:\/\/oedenburg.hu\/wp-content\/uploads\/2025\/02\/Nemet-nemzetisegi-logo-300x300px-72dpi.png","contentUrl":"https:\/\/oedenburg.hu\/wp-content\/uploads\/2025\/02\/Nemet-nemzetisegi-logo-300x300px-72dpi.png","width":300,"height":300,"caption":"N\u00e9met Nemzetis\u00e9gi \u00d6nkorm\u00e1nyzat Sopron"},"image":{"@id":"https:\/\/oedenburg.hu\/#\/schema\/logo\/image\/"},"sameAs":["https:\/\/www.facebook.com\/Oedenburg"]},{"@type":"Person","@id":"https:\/\/oedenburg.hu\/#\/schema\/person\/b95e5dae2ef9f9eec451fca16f5e9a49","name":"Csernus Zsofia","image":{"@type":"ImageObject","inLanguage":"de","@id":"https:\/\/secure.gravatar.com\/avatar\/1da64fa3309de14cdf9456da8cf716bbec56ee8f19340c85574bd9fa6cc33cb1?s=96&d=mm&r=g","url":"https:\/\/secure.gravatar.com\/avatar\/1da64fa3309de14cdf9456da8cf716bbec56ee8f19340c85574bd9fa6cc33cb1?s=96&d=mm&r=g","contentUrl":"https:\/\/secure.gravatar.com\/avatar\/1da64fa3309de14cdf9456da8cf716bbec56ee8f19340c85574bd9fa6cc33cb1?s=96&d=mm&r=g","caption":"Csernus Zsofia"},"url":"https:\/\/oedenburg.hu\/de\/author\/zsofia\/"}]}},"_links":{"self":[{"href":"https:\/\/oedenburg.hu\/de\/wp-json\/wp\/v2\/posts\/1558","targetHints":{"allow":["GET"]}}],"collection":[{"href":"https:\/\/oedenburg.hu\/de\/wp-json\/wp\/v2\/posts"}],"about":[{"href":"https:\/\/oedenburg.hu\/de\/wp-json\/wp\/v2\/types\/post"}],"author":[{"embeddable":true,"href":"https:\/\/oedenburg.hu\/de\/wp-json\/wp\/v2\/users\/4"}],"replies":[{"embeddable":true,"href":"https:\/\/oedenburg.hu\/de\/wp-json\/wp\/v2\/comments?post=1558"}],"version-history":[{"count":5,"href":"https:\/\/oedenburg.hu\/de\/wp-json\/wp\/v2\/posts\/1558\/revisions"}],"predecessor-version":[{"id":1566,"href":"https:\/\/oedenburg.hu\/de\/wp-json\/wp\/v2\/posts\/1558\/revisions\/1566"}],"wp:featuredmedia":[{"embeddable":true,"href":"https:\/\/oedenburg.hu\/de\/wp-json\/wp\/v2\/media\/1560"}],"wp:attachment":[{"href":"https:\/\/oedenburg.hu\/de\/wp-json\/wp\/v2\/media?parent=1558"}],"wp:term":[{"taxonomy":"category","embeddable":true,"href":"https:\/\/oedenburg.hu\/de\/wp-json\/wp\/v2\/categories?post=1558"},{"taxonomy":"post_tag","embeddable":true,"href":"https:\/\/oedenburg.hu\/de\/wp-json\/wp\/v2\/tags?post=1558"}],"curies":[{"name":"wp","href":"https:\/\/api.w.org\/{rel}","templated":true}]}}