{"id":1700,"date":"2026-09-02T12:09:20","date_gmt":"2026-09-02T10:09:20","guid":{"rendered":"https:\/\/oedenburg.hu\/?p=1700"},"modified":"2026-09-02T12:09:23","modified_gmt":"2026-09-02T10:09:23","slug":"arany-szolofurt-dij-es-oklevelatado","status":"publish","type":"post","link":"https:\/\/oedenburg.hu\/de\/arany-szolofurt-dij-es-oklevelatado\/","title":{"rendered":"Arany sz\u0151l\u0151f\u00fcrt d\u00edj &#8211; \u00e9s oklev\u00e9l\u00e1tad\u00f3\u00a0"},"content":{"rendered":"<div class=\"wp-block-columns is-layout-flex wp-container-core-columns-is-layout-8f761849 wp-block-columns-is-layout-flex\">\n<div class=\"wp-block-column is-layout-flow wp-block-column-is-layout-flow\">\n<p class=\"wp-block-paragraph\">\u00c1tadt\u00e1k az Arany Sz\u0151l\u0151f\u00fcrt d\u00edjat a Rejp\u00e1l h\u00e1zban.&nbsp;A kit\u00fcntet\u00e9st a Soproni N\u00e9met Nemzetis\u00e9gi \u00d6nkorm\u00e1nyzat \u00f6tlete alapj\u00e1n id\u00e9n els\u0151 alkalommal osztott\u00e1k ki. A d\u00edj c\u00e9lja&nbsp;a soproni n\u00e9met nemzetis\u00e9g nyelvi, szellemi \u00e9s t\u00e1rgyi kult\u00far\u00e1j\u00e1nak meg\u0151rz\u00e9se, a hagyom\u00e1nyok \u00e1pol\u00e1sa \u00e9s a k\u00f6z\u00f6ss\u00e9g \u00f6sszetart\u00e1s\u00e1nak er\u0151s\u00edt\u00e9se. A d\u00edjazottak \u00fcnnep\u00e9lyes keretek k\u00f6z\u00f6tt vehett\u00e9k \u00e1t a kit\u00fcntet\u00e9st a n\u00e9met \u00f6nkorm\u00e1nyzat sz\u00e9khely\u00e9\u00fcl szolg\u00e1l\u00f3 Rejp\u00e1l h\u00e1zban.&nbsp;&nbsp;<\/p>\n<\/div>\n\n\n\n<div class=\"wp-block-column is-layout-flow wp-block-column-is-layout-flow\">\n<figure class=\"wp-block-image size-large\"><img loading=\"lazy\" decoding=\"async\" width=\"1024\" height=\"576\" src=\"https:\/\/oedenburg.hu\/wp-content\/uploads\/IMG_5583-scaled-1024x576.webp\" alt=\"\" class=\"wp-image-1709\" srcset=\"https:\/\/oedenburg.hu\/wp-content\/uploads\/IMG_5583-scaled-1024x576.webp 1024w, https:\/\/oedenburg.hu\/wp-content\/uploads\/IMG_5583-scaled-300x169.webp 300w, https:\/\/oedenburg.hu\/wp-content\/uploads\/IMG_5583-scaled-768x432.webp 768w, https:\/\/oedenburg.hu\/wp-content\/uploads\/IMG_5583-scaled-1536x864.webp 1536w, https:\/\/oedenburg.hu\/wp-content\/uploads\/IMG_5583-scaled-18x10.webp 18w, https:\/\/oedenburg.hu\/wp-content\/uploads\/IMG_5583-scaled-107x60.webp 107w, https:\/\/oedenburg.hu\/wp-content\/uploads\/IMG_5583-scaled-840x473.webp 840w, https:\/\/oedenburg.hu\/wp-content\/uploads\/IMG_5583-scaled.webp 1920w\" sizes=\"auto, (max-width: 1024px) 100vw, 1024px\" \/><\/figure>\n<\/div>\n<\/div>\n\n\n\n<div class=\"wp-block-columns is-layout-flex wp-container-core-columns-is-layout-8f761849 wp-block-columns-is-layout-flex\">\n<div class=\"wp-block-column is-layout-flow wp-block-column-is-layout-flow\">\n<figure class=\"wp-block-image size-large\"><img loading=\"lazy\" decoding=\"async\" width=\"1024\" height=\"576\" src=\"https:\/\/oedenburg.hu\/wp-content\/uploads\/IMG_5593-scaled-1024x576.webp\" alt=\"\" class=\"wp-image-1710\" srcset=\"https:\/\/oedenburg.hu\/wp-content\/uploads\/IMG_5593-scaled-1024x576.webp 1024w, https:\/\/oedenburg.hu\/wp-content\/uploads\/IMG_5593-scaled-300x169.webp 300w, https:\/\/oedenburg.hu\/wp-content\/uploads\/IMG_5593-scaled-768x432.webp 768w, https:\/\/oedenburg.hu\/wp-content\/uploads\/IMG_5593-scaled-1536x864.webp 1536w, https:\/\/oedenburg.hu\/wp-content\/uploads\/IMG_5593-scaled-18x10.webp 18w, https:\/\/oedenburg.hu\/wp-content\/uploads\/IMG_5593-scaled-107x60.webp 107w, https:\/\/oedenburg.hu\/wp-content\/uploads\/IMG_5593-scaled-840x473.webp 840w, https:\/\/oedenburg.hu\/wp-content\/uploads\/IMG_5593-scaled.webp 1920w\" sizes=\"auto, (max-width: 1024px) 100vw, 1024px\" \/><\/figure>\n<\/div>\n\n\n\n<div class=\"wp-block-column is-layout-flow wp-block-column-is-layout-flow\">\n<p class=\"wp-block-paragraph\">A d\u00edjat a Soproni N\u00e9met Nemzetis\u00e9gi \u00d6nkorm\u00e1nyzat eln\u00f6ke, Taschner Tam\u00e1s adta \u00e1t a kit\u00fcntetetteknek. A Gritsch h\u00e1zasp\u00e1r posztumusz d\u00edj\u00e1t fiuk, Gritsch M\u00e1ty\u00e1s vette \u00e1t, a Sopron \u00e9s K\u00f6rny\u00e9ke N\u00e9met Kult\u00farklub d\u00edj\u00e1t pedig a legr\u00e9gebbi kubtagoknak adta \u00e1t az \u00f6nkorm\u00e1nyzat eln\u00f6ke.<\/p>\n<\/div>\n<\/div>\n\n\n\n<p class=\"wp-block-paragraph\">Az Arany Sz\u0151l\u0151f\u00fcrt d\u00edj mellett a soproni bor\u00e1szok is oklevelet vehettek \u00e1t, a Magyarorsz\u00e1gi N\u00e9metek Orsz\u00e1gos \u00d6nkorm\u00e1nyzata \u00e9s a Mecsekn\u00e1dasdi Sz\u0151l\u0151- \u00e9s Bortereml\u0151k Egyes\u00fclete ugyanis id\u00e9n is megszervezte a Magyarorsz\u00e1gi N\u00e9metek Orsz\u00e1gos Borverseny\u00e9t, melyen n\u00e9gy soproni bor\u00e1szat is kiemelked\u0151en szerepelt bor\u00e1val.\u00a0<br>Oklev\u00e9lben r\u00e9szes\u00fclt bor\u00e1szok: Gangl Bor\u00e1szat, Zach\u00e1r Winery, Taschner Bor &#8211; \u00e9s Pezsg\u0151h\u00e1z, B\u00f3nis &#8211; Reitter Bor\u00e1szat<\/p>\n\n\n\n<div class=\"wp-block-columns is-layout-flex wp-container-core-columns-is-layout-8f761849 wp-block-columns-is-layout-flex\">\n<div class=\"wp-block-column is-layout-flow wp-block-column-is-layout-flow\">\n<p class=\"wp-block-paragraph\">Im Rejp\u00e1l Haus in \u00d6deburg wurde erstmals die \u201eGoldene Weintraube\u201c verliehen. Mit dieser neuen Auszeichnung w\u00fcrdigt die Deutsche Selbstverwaltung \u00d6denburg Pers\u00f6nlichkeiten und Gemeinschaften, die sich in besonderer Weise f\u00fcr die Bewahrung und Pflege der deutschen Sprache und Kultur in \u00d6denburg einsetzen.<\/p>\n<\/div>\n\n\n\n<div class=\"wp-block-column is-layout-flow wp-block-column-is-layout-flow\">\n<figure class=\"wp-block-image size-large\"><img loading=\"lazy\" decoding=\"async\" width=\"1024\" height=\"576\" src=\"https:\/\/oedenburg.hu\/wp-content\/uploads\/IMG_5587-scaled-1024x576.webp\" alt=\"\" class=\"wp-image-1711\" srcset=\"https:\/\/oedenburg.hu\/wp-content\/uploads\/IMG_5587-scaled-1024x576.webp 1024w, https:\/\/oedenburg.hu\/wp-content\/uploads\/IMG_5587-scaled-300x169.webp 300w, https:\/\/oedenburg.hu\/wp-content\/uploads\/IMG_5587-scaled-768x432.webp 768w, https:\/\/oedenburg.hu\/wp-content\/uploads\/IMG_5587-scaled-1536x864.webp 1536w, https:\/\/oedenburg.hu\/wp-content\/uploads\/IMG_5587-scaled-18x10.webp 18w, https:\/\/oedenburg.hu\/wp-content\/uploads\/IMG_5587-scaled-107x60.webp 107w, https:\/\/oedenburg.hu\/wp-content\/uploads\/IMG_5587-scaled-840x473.webp 840w, https:\/\/oedenburg.hu\/wp-content\/uploads\/IMG_5587-scaled.webp 1920w\" sizes=\"auto, (max-width: 1024px) 100vw, 1024px\" \/><\/figure>\n<\/div>\n<\/div>\n\n\n\n<div class=\"wp-block-columns is-layout-flex wp-container-core-columns-is-layout-8f761849 wp-block-columns-is-layout-flex\">\n<div class=\"wp-block-column is-layout-flow wp-block-column-is-layout-flow\">\n<figure class=\"wp-block-image size-large\"><img loading=\"lazy\" decoding=\"async\" width=\"1024\" height=\"576\" src=\"https:\/\/oedenburg.hu\/wp-content\/uploads\/IMG_5590-scaled-1024x576.webp\" alt=\"\" class=\"wp-image-1713\" srcset=\"https:\/\/oedenburg.hu\/wp-content\/uploads\/IMG_5590-scaled-1024x576.webp 1024w, https:\/\/oedenburg.hu\/wp-content\/uploads\/IMG_5590-scaled-300x169.webp 300w, https:\/\/oedenburg.hu\/wp-content\/uploads\/IMG_5590-scaled-768x432.webp 768w, https:\/\/oedenburg.hu\/wp-content\/uploads\/IMG_5590-scaled-1536x864.webp 1536w, https:\/\/oedenburg.hu\/wp-content\/uploads\/IMG_5590-scaled-18x10.webp 18w, https:\/\/oedenburg.hu\/wp-content\/uploads\/IMG_5590-scaled-107x60.webp 107w, https:\/\/oedenburg.hu\/wp-content\/uploads\/IMG_5590-scaled-840x473.webp 840w, https:\/\/oedenburg.hu\/wp-content\/uploads\/IMG_5590-scaled.webp 1920w\" sizes=\"auto, (max-width: 1024px) 100vw, 1024px\" \/><\/figure>\n<\/div>\n\n\n\n<div class=\"wp-block-column is-layout-flow wp-block-column-is-layout-flow\">\n<p class=\"wp-block-paragraph\">Die Idee stammt von der Deutschen Selbstverwaltung \u00d6denburg. Mit dieser Auszeichnung sollen die sprachlichen, geistigen und materiellen Werte der \u00f6rtlichen deutschen Minderheit bewahrt, die \u00fcberlieferten Traditionen weitergegeben und der Zusammenhalt der Gemeinschaft gest\u00e4rkt werden.\u00dcberreicht wurden die Auszeichnungen von Tam\u00e1s Taschner, Vorsitzender der Deutschen Selbstverwaltung \u00d6denburg.<\/p>\n<\/div>\n<\/div>\n\n\n\n<p class=\"wp-block-paragraph\">Eine der Auszeichnungen wurde posthum an das Ehepaar Gritsch verliehen. Ihr Sohn, M\u00e1ty\u00e1s Gritsch, nahm den Preis stellvertretend f\u00fcr seine Eltern entgegen. Auch der Deutsche Kulturklub \u00d6denburg und Umgebung wurde f\u00fcr sein langj\u00e4hriges Engagement ausgezeichnet. Die Ehrung wurde vom Vorsitzenden der Selbstverwaltung an die langj\u00e4hrigsten Mitglieder des Klubs \u00fcberreicht.<\/p>\n\n\n\n<p class=\"wp-block-paragraph\">Im Rahmen der Veranstaltung standen neben der \u201eGoldenen Weintraube\u201cauch die \u00d6denburger Winzer im Mittelpunkt. Die Landesselbstverwaltung der Ungarndeutschen und der Nadascher Winzerverein veranstalteten auch in diesem Jahr den Landesweiten Weinwettbewerb der Ungarndeutschen. Vier Soproner Weing\u00fcter konnten dabei mit ihren Weinen hervorragende Ergebnisse erzielen und wurden mit Urkunden ausgezeichnet. <br>Ausgezeichnet wurden: Weingut Gangl , Zacher Winery, Weingut Taschner und Weingut B\u00f3nis -Reitter <\/p>\n\n\n\n<figure class=\"wp-block-image size-large\"><img loading=\"lazy\" decoding=\"async\" width=\"1024\" height=\"576\" src=\"https:\/\/oedenburg.hu\/wp-content\/uploads\/IMG_5585-scaled-1024x576.webp\" alt=\"\" class=\"wp-image-1714\" srcset=\"https:\/\/oedenburg.hu\/wp-content\/uploads\/IMG_5585-scaled-1024x576.webp 1024w, https:\/\/oedenburg.hu\/wp-content\/uploads\/IMG_5585-scaled-300x169.webp 300w, https:\/\/oedenburg.hu\/wp-content\/uploads\/IMG_5585-scaled-768x432.webp 768w, https:\/\/oedenburg.hu\/wp-content\/uploads\/IMG_5585-scaled-1536x864.webp 1536w, https:\/\/oedenburg.hu\/wp-content\/uploads\/IMG_5585-scaled-18x10.webp 18w, https:\/\/oedenburg.hu\/wp-content\/uploads\/IMG_5585-scaled-107x60.webp 107w, https:\/\/oedenburg.hu\/wp-content\/uploads\/IMG_5585-scaled-840x473.webp 840w, https:\/\/oedenburg.hu\/wp-content\/uploads\/IMG_5585-scaled.webp 1920w\" sizes=\"auto, (max-width: 1024px) 100vw, 1024px\" \/><\/figure>","protected":false},"excerpt":{"rendered":"<p>\u00c1tadt\u00e1k az Arany Sz\u0151l\u0151f\u00fcrt d\u00edjat a Rejp\u00e1l h\u00e1zban.&nbsp;A kit\u00fcntet\u00e9st a Soproni N\u00e9met Nemzetis\u00e9gi \u00d6nkorm\u00e1nyzat \u00f6tlete alapj\u00e1n id\u00e9n els\u0151 alkalommal osztott\u00e1k ki. A d\u00edj c\u00e9lja&nbsp;a soproni &hellip; <\/p>","protected":false},"author":4,"featured_media":1709,"comment_status":"closed","ping_status":"closed","sticky":false,"template":"","format":"standard","meta":{"footnotes":""},"categories":[1],"tags":[],"class_list":["post-1700","post","type-post","status-publish","format-standard","has-post-thumbnail","hentry","category-hirek","latest_post"],"yoast_head":"<!-- This site is optimized with the Yoast SEO plugin v28.4 - https:\/\/yoast.com\/product\/yoast-seo-wordpress\/ -->\n<title>Arany sz\u0151l\u0151f\u00fcrt d\u00edj - \u00e9s oklev\u00e9l\u00e1tad\u00f3\u00a0<\/title>\n<meta name=\"description\" content=\"Arany sz\u0151l\u0151f\u00fcrt d\u00edj - \u00e9s oklev\u00e9l\u00e1tad\u00f3\u00a0\" \/>\n<meta name=\"robots\" content=\"index, follow, max-snippet:-1, max-image-preview:large, max-video-preview:-1\" \/>\n<link rel=\"canonical\" href=\"https:\/\/oedenburg.hu\/de\/arany-szolofurt-dij-es-oklevelatado\/\" \/>\n<meta property=\"og:locale\" content=\"de_DE\" \/>\n<meta property=\"og:type\" content=\"article\" \/>\n<meta property=\"og:title\" content=\"Arany sz\u0151l\u0151f\u00fcrt d\u00edj - \u00e9s oklev\u00e9l\u00e1tad\u00f3\u00a0\" \/>\n<meta property=\"og:description\" content=\"Arany sz\u0151l\u0151f\u00fcrt d\u00edj - \u00e9s oklev\u00e9l\u00e1tad\u00f3\u00a0\" \/>\n<meta property=\"og:url\" content=\"https:\/\/oedenburg.hu\/de\/arany-szolofurt-dij-es-oklevelatado\/\" \/>\n<meta property=\"og:site_name\" content=\"N\u00e9met Nemzetis\u00e9gi \u00d6nkorm\u00e1nyzat Sopron\" \/>\n<meta property=\"article:publisher\" content=\"https:\/\/www.facebook.com\/Oedenburg\" \/>\n<meta property=\"article:published_time\" content=\"2026-09-02T10:09:20+00:00\" \/>\n<meta property=\"article:modified_time\" content=\"2026-09-02T10:09:23+00:00\" \/>\n<meta property=\"og:image\" content=\"https:\/\/oedenburg.hu\/wp-content\/uploads\/IMG_5583-scaled.webp\" \/>\n\t<meta property=\"og:image:width\" content=\"1920\" \/>\n\t<meta property=\"og:image:height\" content=\"1080\" \/>\n\t<meta property=\"og:image:type\" content=\"image\/webp\" \/>\n<meta name=\"author\" content=\"Csernus Zsofia\" \/>\n<meta name=\"twitter:card\" content=\"summary_large_image\" \/>\n<meta name=\"twitter:label1\" content=\"Verfasst von\" \/>\n\t<meta name=\"twitter:data1\" content=\"Csernus Zsofia\" \/>\n\t<meta name=\"twitter:label2\" content=\"Gesch\u00e4tzte Lesezeit\" \/>\n\t<meta name=\"twitter:data2\" content=\"2\u00a0Minuten\" \/>\n<script type=\"application\/ld+json\" class=\"yoast-schema-graph\">{\"@context\":\"https:\\\/\\\/schema.org\",\"@graph\":[{\"@type\":\"Article\",\"@id\":\"https:\\\/\\\/oedenburg.hu\\\/arany-szolofurt-dij-es-oklevelatado\\\/#article\",\"isPartOf\":{\"@id\":\"https:\\\/\\\/oedenburg.hu\\\/arany-szolofurt-dij-es-oklevelatado\\\/\"},\"author\":{\"name\":\"Csernus Zsofia\",\"@id\":\"https:\\\/\\\/oedenburg.hu\\\/#\\\/schema\\\/person\\\/b95e5dae2ef9f9eec451fca16f5e9a49\"},\"headline\":\"Arany sz\u0151l\u0151f\u00fcrt d\u00edj &#8211; \u00e9s oklev\u00e9l\u00e1tad\u00f3\u00a0\",\"datePublished\":\"2026-09-02T10:09:20+00:00\",\"dateModified\":\"2026-09-02T10:09:23+00:00\",\"mainEntityOfPage\":{\"@id\":\"https:\\\/\\\/oedenburg.hu\\\/arany-szolofurt-dij-es-oklevelatado\\\/\"},\"wordCount\":487,\"publisher\":{\"@id\":\"https:\\\/\\\/oedenburg.hu\\\/#organization\"},\"image\":{\"@id\":\"https:\\\/\\\/oedenburg.hu\\\/arany-szolofurt-dij-es-oklevelatado\\\/#primaryimage\"},\"thumbnailUrl\":\"https:\\\/\\\/oedenburg.hu\\\/wp-content\\\/uploads\\\/IMG_5583-scaled.webp\",\"articleSection\":[\"Hirek\"],\"inLanguage\":\"de\"},{\"@type\":\"WebPage\",\"@id\":\"https:\\\/\\\/oedenburg.hu\\\/arany-szolofurt-dij-es-oklevelatado\\\/\",\"url\":\"https:\\\/\\\/oedenburg.hu\\\/arany-szolofurt-dij-es-oklevelatado\\\/\",\"name\":\"Arany sz\u0151l\u0151f\u00fcrt d\u00edj - \u00e9s oklev\u00e9l\u00e1tad\u00f3\u00a0\",\"isPartOf\":{\"@id\":\"https:\\\/\\\/oedenburg.hu\\\/#website\"},\"primaryImageOfPage\":{\"@id\":\"https:\\\/\\\/oedenburg.hu\\\/arany-szolofurt-dij-es-oklevelatado\\\/#primaryimage\"},\"image\":{\"@id\":\"https:\\\/\\\/oedenburg.hu\\\/arany-szolofurt-dij-es-oklevelatado\\\/#primaryimage\"},\"thumbnailUrl\":\"https:\\\/\\\/oedenburg.hu\\\/wp-content\\\/uploads\\\/IMG_5583-scaled.webp\",\"datePublished\":\"2026-09-02T10:09:20+00:00\",\"dateModified\":\"2026-09-02T10:09:23+00:00\",\"description\":\"Arany sz\u0151l\u0151f\u00fcrt d\u00edj - \u00e9s oklev\u00e9l\u00e1tad\u00f3\u00a0\",\"breadcrumb\":{\"@id\":\"https:\\\/\\\/oedenburg.hu\\\/arany-szolofurt-dij-es-oklevelatado\\\/#breadcrumb\"},\"inLanguage\":\"de\",\"potentialAction\":[{\"@type\":\"ReadAction\",\"target\":[\"https:\\\/\\\/oedenburg.hu\\\/arany-szolofurt-dij-es-oklevelatado\\\/\"]}]},{\"@type\":\"ImageObject\",\"inLanguage\":\"de\",\"@id\":\"https:\\\/\\\/oedenburg.hu\\\/arany-szolofurt-dij-es-oklevelatado\\\/#primaryimage\",\"url\":\"https:\\\/\\\/oedenburg.hu\\\/wp-content\\\/uploads\\\/IMG_5583-scaled.webp\",\"contentUrl\":\"https:\\\/\\\/oedenburg.hu\\\/wp-content\\\/uploads\\\/IMG_5583-scaled.webp\",\"width\":1920,\"height\":1080},{\"@type\":\"BreadcrumbList\",\"@id\":\"https:\\\/\\\/oedenburg.hu\\\/arany-szolofurt-dij-es-oklevelatado\\\/#breadcrumb\",\"itemListElement\":[{\"@type\":\"ListItem\",\"position\":1,\"name\":\"Kezd\u0151lap\",\"item\":\"https:\\\/\\\/oedenburg.hu\\\/\"},{\"@type\":\"ListItem\",\"position\":2,\"name\":\"Arany sz\u0151l\u0151f\u00fcrt d\u00edj &#8211; \u00e9s oklev\u00e9l\u00e1tad\u00f3\u00a0\"}]},{\"@type\":\"WebSite\",\"@id\":\"https:\\\/\\\/oedenburg.hu\\\/#website\",\"url\":\"https:\\\/\\\/oedenburg.hu\\\/\",\"name\":\"N\u00e9met Nemzetis\u00e9gi \u00d6nkorm\u00e1nyzat Sopron\",\"description\":\"Deutsche Selbstverwaltung \u00d6denburg\",\"publisher\":{\"@id\":\"https:\\\/\\\/oedenburg.hu\\\/#organization\"},\"potentialAction\":[{\"@type\":\"SearchAction\",\"target\":{\"@type\":\"EntryPoint\",\"urlTemplate\":\"https:\\\/\\\/oedenburg.hu\\\/?s={search_term_string}\"},\"query-input\":{\"@type\":\"PropertyValueSpecification\",\"valueRequired\":true,\"valueName\":\"search_term_string\"}}],\"inLanguage\":\"de\"},{\"@type\":\"Organization\",\"@id\":\"https:\\\/\\\/oedenburg.hu\\\/#organization\",\"name\":\"N\u00e9met Nemzetis\u00e9gi \u00d6nkorm\u00e1nyzat Sopron\",\"url\":\"https:\\\/\\\/oedenburg.hu\\\/\",\"logo\":{\"@type\":\"ImageObject\",\"inLanguage\":\"de\",\"@id\":\"https:\\\/\\\/oedenburg.hu\\\/#\\\/schema\\\/logo\\\/image\\\/\",\"url\":\"https:\\\/\\\/oedenburg.hu\\\/wp-content\\\/uploads\\\/2025\\\/02\\\/Nemet-nemzetisegi-logo-300x300px-72dpi.png\",\"contentUrl\":\"https:\\\/\\\/oedenburg.hu\\\/wp-content\\\/uploads\\\/2025\\\/02\\\/Nemet-nemzetisegi-logo-300x300px-72dpi.png\",\"width\":300,\"height\":300,\"caption\":\"N\u00e9met Nemzetis\u00e9gi \u00d6nkorm\u00e1nyzat Sopron\"},\"image\":{\"@id\":\"https:\\\/\\\/oedenburg.hu\\\/#\\\/schema\\\/logo\\\/image\\\/\"},\"sameAs\":[\"https:\\\/\\\/www.facebook.com\\\/Oedenburg\"]},{\"@type\":\"Person\",\"@id\":\"https:\\\/\\\/oedenburg.hu\\\/#\\\/schema\\\/person\\\/b95e5dae2ef9f9eec451fca16f5e9a49\",\"name\":\"Csernus Zsofia\",\"image\":{\"@type\":\"ImageObject\",\"inLanguage\":\"de\",\"@id\":\"https:\\\/\\\/secure.gravatar.com\\\/avatar\\\/1da64fa3309de14cdf9456da8cf716bbec56ee8f19340c85574bd9fa6cc33cb1?s=96&d=mm&r=g\",\"url\":\"https:\\\/\\\/secure.gravatar.com\\\/avatar\\\/1da64fa3309de14cdf9456da8cf716bbec56ee8f19340c85574bd9fa6cc33cb1?s=96&d=mm&r=g\",\"contentUrl\":\"https:\\\/\\\/secure.gravatar.com\\\/avatar\\\/1da64fa3309de14cdf9456da8cf716bbec56ee8f19340c85574bd9fa6cc33cb1?s=96&d=mm&r=g\",\"caption\":\"Csernus Zsofia\"},\"url\":\"https:\\\/\\\/oedenburg.hu\\\/de\\\/author\\\/zsofia\\\/\"}]}<\/script>\n<!-- \/ Yoast SEO plugin. -->","yoast_head_json":{"title":"Arany sz\u0151l\u0151f\u00fcrt d\u00edj - \u00e9s oklev\u00e9l\u00e1tad\u00f3\u00a0","description":"Arany sz\u0151l\u0151f\u00fcrt d\u00edj - \u00e9s oklev\u00e9l\u00e1tad\u00f3\u00a0","robots":{"index":"index","follow":"follow","max-snippet":"max-snippet:-1","max-image-preview":"max-image-preview:large","max-video-preview":"max-video-preview:-1"},"canonical":"https:\/\/oedenburg.hu\/de\/arany-szolofurt-dij-es-oklevelatado\/","og_locale":"de_DE","og_type":"article","og_title":"Arany sz\u0151l\u0151f\u00fcrt d\u00edj - \u00e9s oklev\u00e9l\u00e1tad\u00f3\u00a0","og_description":"Arany sz\u0151l\u0151f\u00fcrt d\u00edj - \u00e9s oklev\u00e9l\u00e1tad\u00f3\u00a0","og_url":"https:\/\/oedenburg.hu\/de\/arany-szolofurt-dij-es-oklevelatado\/","og_site_name":"N\u00e9met Nemzetis\u00e9gi \u00d6nkorm\u00e1nyzat Sopron","article_publisher":"https:\/\/www.facebook.com\/Oedenburg","article_published_time":"2026-09-02T10:09:20+00:00","article_modified_time":"2026-09-02T10:09:23+00:00","og_image":[{"width":1920,"height":1080,"url":"https:\/\/oedenburg.hu\/wp-content\/uploads\/IMG_5583-scaled.webp","type":"image\/webp"}],"author":"Csernus Zsofia","twitter_card":"summary_large_image","twitter_misc":{"Verfasst von":"Csernus Zsofia","Gesch\u00e4tzte Lesezeit":"2\u00a0Minuten"},"schema":{"@context":"https:\/\/schema.org","@graph":[{"@type":"Article","@id":"https:\/\/oedenburg.hu\/arany-szolofurt-dij-es-oklevelatado\/#article","isPartOf":{"@id":"https:\/\/oedenburg.hu\/arany-szolofurt-dij-es-oklevelatado\/"},"author":{"name":"Csernus Zsofia","@id":"https:\/\/oedenburg.hu\/#\/schema\/person\/b95e5dae2ef9f9eec451fca16f5e9a49"},"headline":"Arany sz\u0151l\u0151f\u00fcrt d\u00edj &#8211; \u00e9s oklev\u00e9l\u00e1tad\u00f3\u00a0","datePublished":"2026-09-02T10:09:20+00:00","dateModified":"2026-09-02T10:09:23+00:00","mainEntityOfPage":{"@id":"https:\/\/oedenburg.hu\/arany-szolofurt-dij-es-oklevelatado\/"},"wordCount":487,"publisher":{"@id":"https:\/\/oedenburg.hu\/#organization"},"image":{"@id":"https:\/\/oedenburg.hu\/arany-szolofurt-dij-es-oklevelatado\/#primaryimage"},"thumbnailUrl":"https:\/\/oedenburg.hu\/wp-content\/uploads\/IMG_5583-scaled.webp","articleSection":["Hirek"],"inLanguage":"de"},{"@type":"WebPage","@id":"https:\/\/oedenburg.hu\/arany-szolofurt-dij-es-oklevelatado\/","url":"https:\/\/oedenburg.hu\/arany-szolofurt-dij-es-oklevelatado\/","name":"Arany sz\u0151l\u0151f\u00fcrt d\u00edj - \u00e9s oklev\u00e9l\u00e1tad\u00f3\u00a0","isPartOf":{"@id":"https:\/\/oedenburg.hu\/#website"},"primaryImageOfPage":{"@id":"https:\/\/oedenburg.hu\/arany-szolofurt-dij-es-oklevelatado\/#primaryimage"},"image":{"@id":"https:\/\/oedenburg.hu\/arany-szolofurt-dij-es-oklevelatado\/#primaryimage"},"thumbnailUrl":"https:\/\/oedenburg.hu\/wp-content\/uploads\/IMG_5583-scaled.webp","datePublished":"2026-09-02T10:09:20+00:00","dateModified":"2026-09-02T10:09:23+00:00","description":"Arany sz\u0151l\u0151f\u00fcrt d\u00edj - \u00e9s oklev\u00e9l\u00e1tad\u00f3\u00a0","breadcrumb":{"@id":"https:\/\/oedenburg.hu\/arany-szolofurt-dij-es-oklevelatado\/#breadcrumb"},"inLanguage":"de","potentialAction":[{"@type":"ReadAction","target":["https:\/\/oedenburg.hu\/arany-szolofurt-dij-es-oklevelatado\/"]}]},{"@type":"ImageObject","inLanguage":"de","@id":"https:\/\/oedenburg.hu\/arany-szolofurt-dij-es-oklevelatado\/#primaryimage","url":"https:\/\/oedenburg.hu\/wp-content\/uploads\/IMG_5583-scaled.webp","contentUrl":"https:\/\/oedenburg.hu\/wp-content\/uploads\/IMG_5583-scaled.webp","width":1920,"height":1080},{"@type":"BreadcrumbList","@id":"https:\/\/oedenburg.hu\/arany-szolofurt-dij-es-oklevelatado\/#breadcrumb","itemListElement":[{"@type":"ListItem","position":1,"name":"Kezd\u0151lap","item":"https:\/\/oedenburg.hu\/"},{"@type":"ListItem","position":2,"name":"Arany sz\u0151l\u0151f\u00fcrt d\u00edj &#8211; \u00e9s oklev\u00e9l\u00e1tad\u00f3\u00a0"}]},{"@type":"WebSite","@id":"https:\/\/oedenburg.hu\/#website","url":"https:\/\/oedenburg.hu\/","name":"Deutsche Selbstverwaltung \u00d6denburg","description":"N\u00e9met Nemzetis\u00e9gi \u00d6nkorm\u00e1nyzat Sopron","publisher":{"@id":"https:\/\/oedenburg.hu\/#organization"},"potentialAction":[{"@type":"SearchAction","target":{"@type":"EntryPoint","urlTemplate":"https:\/\/oedenburg.hu\/?s={search_term_string}"},"query-input":{"@type":"PropertyValueSpecification","valueRequired":true,"valueName":"search_term_string"}}],"inLanguage":"de"},{"@type":"Organization","@id":"https:\/\/oedenburg.hu\/#organization","name":"Deutsche Selbstverwaltung \u00d6denburg","url":"https:\/\/oedenburg.hu\/","logo":{"@type":"ImageObject","inLanguage":"de","@id":"https:\/\/oedenburg.hu\/#\/schema\/logo\/image\/","url":"https:\/\/oedenburg.hu\/wp-content\/uploads\/2025\/02\/Nemet-nemzetisegi-logo-300x300px-72dpi.png","contentUrl":"https:\/\/oedenburg.hu\/wp-content\/uploads\/2025\/02\/Nemet-nemzetisegi-logo-300x300px-72dpi.png","width":300,"height":300,"caption":"N\u00e9met Nemzetis\u00e9gi \u00d6nkorm\u00e1nyzat Sopron"},"image":{"@id":"https:\/\/oedenburg.hu\/#\/schema\/logo\/image\/"},"sameAs":["https:\/\/www.facebook.com\/Oedenburg"]},{"@type":"Person","@id":"https:\/\/oedenburg.hu\/#\/schema\/person\/b95e5dae2ef9f9eec451fca16f5e9a49","name":"Csernus Zsofia","image":{"@type":"ImageObject","inLanguage":"de","@id":"https:\/\/secure.gravatar.com\/avatar\/1da64fa3309de14cdf9456da8cf716bbec56ee8f19340c85574bd9fa6cc33cb1?s=96&d=mm&r=g","url":"https:\/\/secure.gravatar.com\/avatar\/1da64fa3309de14cdf9456da8cf716bbec56ee8f19340c85574bd9fa6cc33cb1?s=96&d=mm&r=g","contentUrl":"https:\/\/secure.gravatar.com\/avatar\/1da64fa3309de14cdf9456da8cf716bbec56ee8f19340c85574bd9fa6cc33cb1?s=96&d=mm&r=g","caption":"Csernus Zsofia"},"url":"https:\/\/oedenburg.hu\/de\/author\/zsofia\/"}]}},"_links":{"self":[{"href":"https:\/\/oedenburg.hu\/de\/wp-json\/wp\/v2\/posts\/1700","targetHints":{"allow":["GET"]}}],"collection":[{"href":"https:\/\/oedenburg.hu\/de\/wp-json\/wp\/v2\/posts"}],"about":[{"href":"https:\/\/oedenburg.hu\/de\/wp-json\/wp\/v2\/types\/post"}],"author":[{"embeddable":true,"href":"https:\/\/oedenburg.hu\/de\/wp-json\/wp\/v2\/users\/4"}],"replies":[{"embeddable":true,"href":"https:\/\/oedenburg.hu\/de\/wp-json\/wp\/v2\/comments?post=1700"}],"version-history":[{"count":9,"href":"https:\/\/oedenburg.hu\/de\/wp-json\/wp\/v2\/posts\/1700\/revisions"}],"predecessor-version":[{"id":1721,"href":"https:\/\/oedenburg.hu\/de\/wp-json\/wp\/v2\/posts\/1700\/revisions\/1721"}],"wp:featuredmedia":[{"embeddable":true,"href":"https:\/\/oedenburg.hu\/de\/wp-json\/wp\/v2\/media\/1709"}],"wp:attachment":[{"href":"https:\/\/oedenburg.hu\/de\/wp-json\/wp\/v2\/media?parent=1700"}],"wp:term":[{"taxonomy":"category","embeddable":true,"href":"https:\/\/oedenburg.hu\/de\/wp-json\/wp\/v2\/categories?post=1700"},{"taxonomy":"post_tag","embeddable":true,"href":"https:\/\/oedenburg.hu\/de\/wp-json\/wp\/v2\/tags?post=1700"}],"curies":[{"name":"wp","href":"https:\/\/api.w.org\/{rel}","templated":true}]}}